{"id":4297,"date":"2022-10-05T08:16:51","date_gmt":"2022-10-05T08:16:51","guid":{"rendered":"https:\/\/www.jimenezgodoy.com\/es\/?p=4297"},"modified":"2022-10-05T08:18:55","modified_gmt":"2022-10-05T08:18:55","slug":"marien-jimenez-godoy-liderara-la-estrategia-financiera-y-el-desarrollo-de-la-empresa-familiar","status":"publish","type":"post","link":"https:\/\/www.jimenezgodoy.com\/es\/marien-jimenez-godoy-liderara-la-estrategia-financiera-y-el-desarrollo-de-la-empresa-familiar\/","title":{"rendered":"Mari\u00e9n Jim\u00e9nez Godoy liderar\u00e1 la estrategia financiera y el desarrollo de la empresa familiar"},"content":{"rendered":"<div class=\"wp-block-image\">\n<figure class=\"aligncenter size-full is-resized\"><img loading=\"lazy\" decoding=\"async\" src=\"https:\/\/www.jimenezgodoy.com\/es\/cms\/wp-content\/uploads\/2022\/10\/2022092618261221205.jpeg\" alt=\"\" class=\"wp-image-4298\" width=\"968\" height=\"534\" srcset=\"https:\/\/www.jimenezgodoy.com\/es\/cms\/wp-content\/uploads\/2022\/10\/2022092618261221205.jpeg 650w, https:\/\/www.jimenezgodoy.com\/es\/cms\/wp-content\/uploads\/2022\/10\/2022092618261221205-300x166.jpeg 300w\" sizes=\"auto, (max-width: 968px) 100vw, 968px\" \/><figcaption>En la imagen, Mari\u00e9n Jim\u00e9nez Godoy.<\/figcaption><\/figure>\n<\/div>\n\n\n<p>La empresa de artes gr\u00e1ficas&nbsp;<strong>Jim\u00e9nez Godoy ha incorporado a la direcci\u00f3n de la compa\u00f1\u00eda a Mari\u00e9n Jim\u00e9mez Godoy<\/strong>.<\/p>\n\n\n\n<p>Mari\u00e9n&nbsp;<strong>ser\u00e1 la responsable de liderar la estrategia financiera y el desarrollo de la organizaci\u00f3n de la empresa familiar,<\/strong>&nbsp;contando para ello con m\u00e1s de 13 a\u00f1os de experiencia en puestos directivos de operaciones, administraci\u00f3n y gesti\u00f3n financiera.<\/p>\n\n\n\n<p>Su&nbsp;<strong>llegada a Jim\u00e9nez Godoy marca un hito relevante en la trayectoria corporativa, dando continuidad al legado de&nbsp;liderazgo femenino, el cual inici\u00f3 la co-fundadora Encarnita Godoy en los a\u00f1os 60<\/strong>, asumiendo el mando de la parte financiera de Jim\u00e9nez Godoy.<\/p>\n","protected":false},"excerpt":{"rendered":"<p>La empresa de artes gr\u00e1ficas&nbsp;Jim\u00e9nez Godoy ha incorporado a la direcci\u00f3n de la compa\u00f1\u00eda a Mari\u00e9n Jim\u00e9mez Godoy. Mari\u00e9n&nbsp;ser\u00e1 la responsable de liderar la estrategia financiera y el desarrollo de la organizaci\u00f3n de la empresa familiar,&nbsp;contando para ello con m\u00e1s de 13 a\u00f1os de experiencia en puestos directivos de operaciones, administraci\u00f3n y gesti\u00f3n financiera. Su&nbsp;llegada [&hellip;]<\/p>\n","protected":false},"author":8,"featured_media":0,"comment_status":"open","ping_status":"closed","sticky":false,"template":"","format":"standard","meta":{"_acf_changed":false,"inline_featured_image":false,"footnotes":""},"categories":[1],"tags":[],"class_list":["post-4297","post","type-post","status-publish","format-standard","hentry","category-uncategorized"],"acf":[],"_links":{"self":[{"href":"https:\/\/www.jimenezgodoy.com\/es\/wp-json\/wp\/v2\/posts\/4297","targetHints":{"allow":["GET"]}}],"collection":[{"href":"https:\/\/www.jimenezgodoy.com\/es\/wp-json\/wp\/v2\/posts"}],"about":[{"href":"https:\/\/www.jimenezgodoy.com\/es\/wp-json\/wp\/v2\/types\/post"}],"author":[{"embeddable":true,"href":"https:\/\/www.jimenezgodoy.com\/es\/wp-json\/wp\/v2\/users\/8"}],"replies":[{"embeddable":true,"href":"https:\/\/www.jimenezgodoy.com\/es\/wp-json\/wp\/v2\/comments?post=4297"}],"version-history":[{"count":3,"href":"https:\/\/www.jimenezgodoy.com\/es\/wp-json\/wp\/v2\/posts\/4297\/revisions"}],"predecessor-version":[{"id":4301,"href":"https:\/\/www.jimenezgodoy.com\/es\/wp-json\/wp\/v2\/posts\/4297\/revisions\/4301"}],"wp:attachment":[{"href":"https:\/\/www.jimenezgodoy.com\/es\/wp-json\/wp\/v2\/media?parent=4297"}],"wp:term":[{"taxonomy":"category","embeddable":true,"href":"https:\/\/www.jimenezgodoy.com\/es\/wp-json\/wp\/v2\/categories?post=4297"},{"taxonomy":"post_tag","embeddable":true,"href":"https:\/\/www.jimenezgodoy.com\/es\/wp-json\/wp\/v2\/tags?post=4297"}],"curies":[{"name":"wp","href":"https:\/\/api.w.org\/{rel}","templated":true}]}}